{"id":174,"date":"2026-09-01T18:32:20","date_gmt":"2026-09-01T18:32:20","guid":{"rendered":"https:\/\/tendo-aikido-verband.eu\/?p=174"},"modified":"2026-09-01T18:34:44","modified_gmt":"2026-09-01T18:34:44","slug":"aenderung-veranstaltungsort","status":"publish","type":"post","link":"https:\/\/tendo-aikido-verband.eu\/?p=174","title":{"rendered":"\u00c4nderung Veranstaltungsort"},"content":{"rendered":"\n<p class=\"wp-block-paragraph\">Leider kann der traditionelle Nikolaus Lehrgang dieses Jahr nicht wie urspr\u00fcnglich geplant in Gro\u00df Gr\u00f6nau stattfinden. Was viele Jahre ein fester Ort f\u00fcr den letzten Lehrgang des Jahres war, steht dieses Jahr leider nicht zur Verf\u00fcgung.<br>Wir konnten aber bereits einen neuen Veranstaltungsort finden.<br><br>Der Nikolauslehrgang am 5.12.26 findet dieses Jahr in Stockelsdorf statt. <br><br>Weiter Infos bekommt ihr wie immer mit der Ausschreibung.<\/p>\n\n\n\n<p class=\"wp-block-paragraph\"><\/p>\n\n\n\n<p class=\"wp-block-paragraph\"><\/p>\n","protected":false},"excerpt":{"rendered":"<p>Leider kann der traditionelle Nikolaus Lehrgang dieses Jahr nicht wie urspr\u00fcnglich geplant in Gro\u00df Gr\u00f6nau stattfinden. Was viele Jahre ein fester Ort f\u00fcr den letzten Lehrgang des Jahres war, steht dieses Jahr leider nicht zur Verf\u00fcgung.Wir konnten aber bereits einen neuen Veranstaltungsort finden. Der Nikolauslehrgang am 5.12.26 findet dieses Jahr in Stockelsdorf statt. Weiter Infos &hellip; <\/p>\n","protected":false},"author":1,"featured_media":59,"comment_status":"closed","ping_status":"open","sticky":false,"template":"","format":"standard","meta":{"footnotes":""},"categories":[3],"tags":[20,18,19],"class_list":["post-174","post","type-post","status-publish","format-standard","has-post-thumbnail","hentry","category-aktuelle-infos","tag-gross-groenau","tag-nikolaus","tag-weihnachten"],"_links":{"self":[{"href":"https:\/\/tendo-aikido-verband.eu\/index.php?rest_route=\/wp\/v2\/posts\/174","targetHints":{"allow":["GET"]}}],"collection":[{"href":"https:\/\/tendo-aikido-verband.eu\/index.php?rest_route=\/wp\/v2\/posts"}],"about":[{"href":"https:\/\/tendo-aikido-verband.eu\/index.php?rest_route=\/wp\/v2\/types\/post"}],"author":[{"embeddable":true,"href":"https:\/\/tendo-aikido-verband.eu\/index.php?rest_route=\/wp\/v2\/users\/1"}],"replies":[{"embeddable":true,"href":"https:\/\/tendo-aikido-verband.eu\/index.php?rest_route=%2Fwp%2Fv2%2Fcomments&post=174"}],"version-history":[{"count":2,"href":"https:\/\/tendo-aikido-verband.eu\/index.php?rest_route=\/wp\/v2\/posts\/174\/revisions"}],"predecessor-version":[{"id":176,"href":"https:\/\/tendo-aikido-verband.eu\/index.php?rest_route=\/wp\/v2\/posts\/174\/revisions\/176"}],"wp:featuredmedia":[{"embeddable":true,"href":"https:\/\/tendo-aikido-verband.eu\/index.php?rest_route=\/wp\/v2\/media\/59"}],"wp:attachment":[{"href":"https:\/\/tendo-aikido-verband.eu\/index.php?rest_route=%2Fwp%2Fv2%2Fmedia&parent=174"}],"wp:term":[{"taxonomy":"category","embeddable":true,"href":"https:\/\/tendo-aikido-verband.eu\/index.php?rest_route=%2Fwp%2Fv2%2Fcategories&post=174"},{"taxonomy":"post_tag","embeddable":true,"href":"https:\/\/tendo-aikido-verband.eu\/index.php?rest_route=%2Fwp%2Fv2%2Ftags&post=174"}],"curies":[{"name":"wp","href":"https:\/\/api.w.org\/{rel}","templated":true}]}}