{"id":149,"date":"2025-01-21T22:20:08","date_gmt":"2025-01-21T22:20:08","guid":{"rendered":"https:\/\/tendo-aikido-verband.eu\/?p=149"},"modified":"2025-01-21T22:20:08","modified_gmt":"2025-01-21T22:20:08","slug":"lehrgangsplanung-2025","status":"publish","type":"post","link":"https:\/\/tendo-aikido-verband.eu\/?p=149","title":{"rendered":"Lehrgangsplanung 2025"},"content":{"rendered":"\n<h4 class=\"wp-block-heading\" id=\"die-lehrgange-finden-auf-grund-der-aktuellen-umstande-unter-vorbehalt-statt\">Lehrg\u00e4nge 2025<\/h4>\n\n\n\n<p>Hallo liebe Aikidoka,<\/p>\n\n\n\n<p>Wir freuen uns mitteilen zu k\u00f6nnen, dass die Lehrgangsplanung f\u00fcr 2025 abgeschlossen ist. <br><br>Die Termine f\u00fcr dieses Jahr sind:<\/p>\n\n\n\n<p>22.02.25 &#8211; 14:00 Stockelsdorf &#8211; Sandra Magdzik (1. Dan)<br>15.03.25 &#8211; 14:00 Krummesse DAN Training &#8211; Georg Rasch (4. Dan)<br>05.04.25 &#8211; 14:00 Rostock &#8211; Hans-Martin Rasch (4. Dan)<br>07.06.25 &#8211; 14:00 Krummesse &#8211; Maik Johannsen (4. Dan)<br>19.-21.09.25 &#8211; Aikido-Wochenende Malente &#8211; Trainerteam<br>11.10.25 &#8211; 14:00 Stockelsdorf DAN Training &#8211; Magnus Kreutzfeldt (4. Dan)<br>08.11.25  &#8211; 14:00 Kiel &#8211; Magnus Kreutzfeldt (4. Dan)<br>06.12.25 &#8211; 14:00 Gro\u00df Gr\u00f6nau &#8211; Georg Rasch (4. Dan)<br><\/p>\n\n\n\n<p>KINDER:<\/p>\n\n\n\n<p>05.07.25 &#8211; Stockelsdorf Kinderlehrgang &#8211; Wolfram Piwko (3. Dan)<br>29.11.25 &#8211; Stockelsdorf Kinderlehrgang &#8211; Astrid Meier (2. Dan) \/ Norbert Binder (2. Dan)<br>09.08.- 16.08.25 &#8211; Sommerferien Camp in Sassen<\/p>\n\n\n\n<h4 class=\"wp-block-heading\" id=\"hinweise\">Hinweise<\/h4>\n\n\n\n<ul class=\"wp-block-list\">\n<li>Alle Lehrg\u00e4nge f\u00fcr Erwachsene und Jugendliche gehen von 14.00 &#8211; 16.00 Uhr.&nbsp;&nbsp;&nbsp;&nbsp;&nbsp;&nbsp;&nbsp; <\/li>\n\n\n\n<li>Eintreffen und Mattenaufbau jeweils 30 Minuten vor den Veranstaltungen.<\/li>\n\n\n\n<li>\u00c4nderung der Termine bzw. der Veranstaltungsorte vorbehalten.<\/li>\n\n\n\n<li>Veranstalter und Ausrichter der Veranstaltungen \u00fcbernehmen keine Haftung f\u00fcr Personen- und Sachsch\u00e4den sowie f\u00fcr verloren gegangene Gegenst\u00e4nde!<\/li>\n\n\n\n<li>Aikidoka anderer Verb\u00e4nde sind bei den Veranstaltungen herzlich willkommen!<\/li>\n\n\n\n<li>W\u00e4hrend der Lehrg\u00e4nge werden Ton- und Videoaufnahmen f\u00fcr die Ver\u00f6ffentlichung gemacht. Wer damit nicht einverstanden ist, meldet sich bitte vorab beim Veranstalter!<\/li>\n<\/ul>\n\n\n\n<p><\/p>\n","protected":false},"excerpt":{"rendered":"<p>Lehrg\u00e4nge 2025 Hallo liebe Aikidoka, Wir freuen uns mitteilen zu k\u00f6nnen, dass die Lehrgangsplanung f\u00fcr 2025 abgeschlossen ist. Die Termine f\u00fcr dieses Jahr sind: 22.02.25 &#8211; 14:00 Stockelsdorf &#8211; Sandra Magdzik (1. Dan)15.03.25 &#8211; 14:00 Krummesse DAN Training &#8211; Georg Rasch (4. Dan)05.04.25 &#8211; 14:00 Rostock &#8211; Hans-Martin Rasch (4. Dan)07.06.25 &#8211; 14:00 Krummesse &#8211; &hellip; <\/p>\n","protected":false},"author":1,"featured_media":23,"comment_status":"closed","ping_status":"closed","sticky":false,"template":"","format":"standard","meta":{"footnotes":""},"categories":[3],"tags":[13],"class_list":["post-149","post","type-post","status-publish","format-standard","has-post-thumbnail","hentry","category-aktuelle-infos","tag-lehrgaenge-2025"],"_links":{"self":[{"href":"https:\/\/tendo-aikido-verband.eu\/index.php?rest_route=\/wp\/v2\/posts\/149","targetHints":{"allow":["GET"]}}],"collection":[{"href":"https:\/\/tendo-aikido-verband.eu\/index.php?rest_route=\/wp\/v2\/posts"}],"about":[{"href":"https:\/\/tendo-aikido-verband.eu\/index.php?rest_route=\/wp\/v2\/types\/post"}],"author":[{"embeddable":true,"href":"https:\/\/tendo-aikido-verband.eu\/index.php?rest_route=\/wp\/v2\/users\/1"}],"replies":[{"embeddable":true,"href":"https:\/\/tendo-aikido-verband.eu\/index.php?rest_route=%2Fwp%2Fv2%2Fcomments&post=149"}],"version-history":[{"count":1,"href":"https:\/\/tendo-aikido-verband.eu\/index.php?rest_route=\/wp\/v2\/posts\/149\/revisions"}],"predecessor-version":[{"id":150,"href":"https:\/\/tendo-aikido-verband.eu\/index.php?rest_route=\/wp\/v2\/posts\/149\/revisions\/150"}],"wp:featuredmedia":[{"embeddable":true,"href":"https:\/\/tendo-aikido-verband.eu\/index.php?rest_route=\/wp\/v2\/media\/23"}],"wp:attachment":[{"href":"https:\/\/tendo-aikido-verband.eu\/index.php?rest_route=%2Fwp%2Fv2%2Fmedia&parent=149"}],"wp:term":[{"taxonomy":"category","embeddable":true,"href":"https:\/\/tendo-aikido-verband.eu\/index.php?rest_route=%2Fwp%2Fv2%2Fcategories&post=149"},{"taxonomy":"post_tag","embeddable":true,"href":"https:\/\/tendo-aikido-verband.eu\/index.php?rest_route=%2Fwp%2Fv2%2Ftags&post=149"}],"curies":[{"name":"wp","href":"https:\/\/api.w.org\/{rel}","templated":true}]}}