{"id":140,"date":"2024-01-12T11:42:03","date_gmt":"2024-01-12T11:42:03","guid":{"rendered":"https:\/\/tendo-aikido-verband.eu\/?p=140"},"modified":"2024-08-16T17:07:35","modified_gmt":"2024-08-16T17:07:35","slug":"lehrgangsplanung-2024","status":"publish","type":"post","link":"https:\/\/tendo-aikido-verband.eu\/?p=140","title":{"rendered":"Lehrgangsplanung 2024"},"content":{"rendered":"\n<h4 class=\"wp-block-heading\" id=\"die-lehrgange-finden-auf-grund-der-aktuellen-umstande-unter-vorbehalt-statt\">Lehrg\u00e4nge 2024<\/h4>\n\n\n\n<p>Hallo liebe Aikidoka,<\/p>\n\n\n\n<p>Wir freuen uns mitteilen zu k\u00f6nnen, dass die Lehrgangsplanung f\u00fcr 2024 abgeschlossen ist. <br><br>Die Termine f\u00fcr dieses Jahr sind:<\/p>\n\n\n\n<p>17.02.24 &#8211; 14:00 Stockelsdorf &#8211; Sandra Magdzik (1. Dan)<br>23.03.24 &#8211; 14:00 Krummesse DAN Training &#8211; Georg Rasch (4. Dan)<br>27.04.24 &#8211; 14:00 Rostock &#8211; Maik Johannsen (4. Dan)<br>22.06.24 &#8211; 14:00 Krummesse &#8211; Henry Forgbert (4. Dan)<br>14.09.24 &#8211; 14:00 Stockelsdorf &#8211; Georg Rasch (4. Dan)<br>12.10.24 &#8211; 14:00 Kiel &#8211; Wolfram Piwko (3. Dan)<br>09.11.24 &#8211; 14:00 Stockelsdorf DAN Training &#8211; Hans-Martin Rasch (4. Dan)<br>07.12.24 &#8211; 14:00 Gro\u00df Gr\u00f6nau &#8211; Magnus Kreutzfeldt (4. Dan)<br><\/p>\n\n\n\n<p>KINDER:<\/p>\n\n\n\n<p>01.06.24 &#8211; Stockelsdorf Kinderlehrgang &#8211;  Astrid Meier (2. Dan)  \/ Norbert Binder (2. Dan)<br>30.11.24 &#8211; Stockelsdorf Kinderlehrgang &#8211; Maik Johannsen (4. Dan)  \/ Henry Forgbert (4. Dan)<br>03.08.- 09.08.24 &#8211; Sommerferien Camp in Sassen<\/p>\n\n\n\n<h4 class=\"wp-block-heading\" id=\"hinweise\">Hinweise<\/h4>\n\n\n\n<ul class=\"wp-block-list\">\n<li>Alle Lehrg\u00e4nge f\u00fcr Erwachsene und Jugendliche gehen von 14.00 &#8211; 16.00 Uhr.&nbsp;&nbsp;&nbsp;&nbsp;&nbsp;&nbsp;&nbsp; <\/li>\n\n\n\n<li>Eintreffen und Mattenaufbau jeweils 30 Minuten vor den Veranstaltungen.<\/li>\n\n\n\n<li>\u00c4nderung der Termine bzw. der Veranstaltungsorte vorbehalten.<\/li>\n\n\n\n<li>Veranstalter und Ausrichter der Veranstaltungen \u00fcbernehmen keine Haftung f\u00fcr Personen- und Sachsch\u00e4den sowie f\u00fcr verloren gegangene Gegenst\u00e4nde!<\/li>\n\n\n\n<li>Aikidoka anderer Verb\u00e4nde sind bei den Veranstaltungen herzlich willkommen!<\/li>\n\n\n\n<li>W\u00e4hrend der Lehrg\u00e4nge werden Ton- und Videoaufnahmen f\u00fcr die Ver\u00f6ffentlichung gemacht. Wer damit nicht einverstanden ist, meldet sich bitte vorab beim Veranstalter!<\/li>\n<\/ul>\n","protected":false},"excerpt":{"rendered":"<p>Lehrg\u00e4nge 2024 Hallo liebe Aikidoka, Wir freuen uns mitteilen zu k\u00f6nnen, dass die Lehrgangsplanung f\u00fcr 2024 abgeschlossen ist. Die Termine f\u00fcr dieses Jahr sind: 17.02.24 &#8211; 14:00 Stockelsdorf &#8211; Sandra Magdzik (1. Dan)23.03.24 &#8211; 14:00 Krummesse DAN Training &#8211; Georg Rasch (4. Dan)27.04.24 &#8211; 14:00 Rostock &#8211; Maik Johannsen (4. Dan)22.06.24 &#8211; 14:00 Krummesse &#8211; &hellip; <\/p>\n","protected":false},"author":1,"featured_media":23,"comment_status":"open","ping_status":"open","sticky":true,"template":"","format":"standard","meta":{"footnotes":""},"categories":[3],"tags":[],"class_list":["post-140","post","type-post","status-publish","format-standard","has-post-thumbnail","hentry","category-aktuelle-infos"],"_links":{"self":[{"href":"https:\/\/tendo-aikido-verband.eu\/index.php?rest_route=\/wp\/v2\/posts\/140","targetHints":{"allow":["GET"]}}],"collection":[{"href":"https:\/\/tendo-aikido-verband.eu\/index.php?rest_route=\/wp\/v2\/posts"}],"about":[{"href":"https:\/\/tendo-aikido-verband.eu\/index.php?rest_route=\/wp\/v2\/types\/post"}],"author":[{"embeddable":true,"href":"https:\/\/tendo-aikido-verband.eu\/index.php?rest_route=\/wp\/v2\/users\/1"}],"replies":[{"embeddable":true,"href":"https:\/\/tendo-aikido-verband.eu\/index.php?rest_route=%2Fwp%2Fv2%2Fcomments&post=140"}],"version-history":[{"count":3,"href":"https:\/\/tendo-aikido-verband.eu\/index.php?rest_route=\/wp\/v2\/posts\/140\/revisions"}],"predecessor-version":[{"id":147,"href":"https:\/\/tendo-aikido-verband.eu\/index.php?rest_route=\/wp\/v2\/posts\/140\/revisions\/147"}],"wp:featuredmedia":[{"embeddable":true,"href":"https:\/\/tendo-aikido-verband.eu\/index.php?rest_route=\/wp\/v2\/media\/23"}],"wp:attachment":[{"href":"https:\/\/tendo-aikido-verband.eu\/index.php?rest_route=%2Fwp%2Fv2%2Fmedia&parent=140"}],"wp:term":[{"taxonomy":"category","embeddable":true,"href":"https:\/\/tendo-aikido-verband.eu\/index.php?rest_route=%2Fwp%2Fv2%2Fcategories&post=140"},{"taxonomy":"post_tag","embeddable":true,"href":"https:\/\/tendo-aikido-verband.eu\/index.php?rest_route=%2Fwp%2Fv2%2Ftags&post=140"}],"curies":[{"name":"wp","href":"https:\/\/api.w.org\/{rel}","templated":true}]}}